{"id":1588,"date":"2023-01-06T16:29:00","date_gmt":"2023-01-06T15:29:00","guid":{"rendered":"http:\/\/ecole-senonnes.fr\/?p=1588"},"modified":"2023-01-06T16:40:00","modified_gmt":"2023-01-06T15:40:00","slug":"la-rentree-des-classes","status":"publish","type":"post","link":"http:\/\/ecole-senonnes.fr\/?p=1588","title":{"rendered":"La rentr\u00e9e des classes"},"content":{"rendered":"\n<p>Accueil des \u00e9l\u00e8ves et de leurs familles autour d&#8217;un caf\u00e9!<\/p>\n<p>&nbsp;<\/p>\n\n\n\n<figure class=\"wp-block-gallery has-nested-images columns-default is-cropped wp-block-gallery-1 is-layout-flex wp-block-gallery-is-layout-flex\">\n<figure class=\"wp-block-image size-large\"><img loading=\"lazy\" decoding=\"async\" width=\"1024\" height=\"768\" data-id=\"1590\" src=\"http:\/\/ecole-senonnes.fr\/wp-content\/uploads\/IMG_20220901_084640-1024x768.jpg\" alt=\"\" class=\"wp-image-1590\" srcset=\"http:\/\/ecole-senonnes.fr\/wp-content\/uploads\/IMG_20220901_084640-1024x768.jpg 1024w, http:\/\/ecole-senonnes.fr\/wp-content\/uploads\/IMG_20220901_084640-300x225.jpg 300w, http:\/\/ecole-senonnes.fr\/wp-content\/uploads\/IMG_20220901_084640-768x576.jpg 768w, http:\/\/ecole-senonnes.fr\/wp-content\/uploads\/IMG_20220901_084640-1536x1152.jpg 1536w, http:\/\/ecole-senonnes.fr\/wp-content\/uploads\/IMG_20220901_084640-2048x1536.jpg 2048w, http:\/\/ecole-senonnes.fr\/wp-content\/uploads\/IMG_20220901_084640-320x240.jpg 320w, http:\/\/ecole-senonnes.fr\/wp-content\/uploads\/IMG_20220901_084640-150x113.jpg 150w\" sizes=\"auto, (max-width: 1024px) 100vw, 1024px\" \/><\/figure>\n\n\n\n<figure class=\"wp-block-image size-large\"><img loading=\"lazy\" decoding=\"async\" width=\"1024\" height=\"768\" data-id=\"1589\" src=\"http:\/\/ecole-senonnes.fr\/wp-content\/uploads\/IMG_20220901_085302_1-1024x768.jpg\" alt=\"\" class=\"wp-image-1589\" srcset=\"http:\/\/ecole-senonnes.fr\/wp-content\/uploads\/IMG_20220901_085302_1-1024x768.jpg 1024w, http:\/\/ecole-senonnes.fr\/wp-content\/uploads\/IMG_20220901_085302_1-300x225.jpg 300w, http:\/\/ecole-senonnes.fr\/wp-content\/uploads\/IMG_20220901_085302_1-768x576.jpg 768w, http:\/\/ecole-senonnes.fr\/wp-content\/uploads\/IMG_20220901_085302_1-1536x1152.jpg 1536w, http:\/\/ecole-senonnes.fr\/wp-content\/uploads\/IMG_20220901_085302_1-2048x1536.jpg 2048w, http:\/\/ecole-senonnes.fr\/wp-content\/uploads\/IMG_20220901_085302_1-320x240.jpg 320w, http:\/\/ecole-senonnes.fr\/wp-content\/uploads\/IMG_20220901_085302_1-150x113.jpg 150w\" sizes=\"auto, (max-width: 1024px) 100vw, 1024px\" \/><\/figure>\n<\/figure>\n\n\n","protected":false},"excerpt":{"rendered":"<p>Accueil des \u00e9l\u00e8ves et de leurs familles autour d&#8217;un caf\u00e9! &nbsp;<\/p>\n<p class=\"continue-reading-button\"> <a class=\"continue-reading-link\" href=\"http:\/\/ecole-senonnes.fr\/?p=1588\">Lire Plus&#8230;<i class=\"crycon-right-dir\"><\/i><\/a><\/p>\n","protected":false},"author":3,"featured_media":0,"comment_status":"open","ping_status":"open","sticky":false,"template":"","format":"standard","meta":{"footnotes":""},"categories":[40],"tags":[],"class_list":["post-1588","post","type-post","status-publish","format-standard","hentry","category-2022-2023"],"_links":{"self":[{"href":"http:\/\/ecole-senonnes.fr\/index.php?rest_route=\/wp\/v2\/posts\/1588","targetHints":{"allow":["GET"]}}],"collection":[{"href":"http:\/\/ecole-senonnes.fr\/index.php?rest_route=\/wp\/v2\/posts"}],"about":[{"href":"http:\/\/ecole-senonnes.fr\/index.php?rest_route=\/wp\/v2\/types\/post"}],"author":[{"embeddable":true,"href":"http:\/\/ecole-senonnes.fr\/index.php?rest_route=\/wp\/v2\/users\/3"}],"replies":[{"embeddable":true,"href":"http:\/\/ecole-senonnes.fr\/index.php?rest_route=%2Fwp%2Fv2%2Fcomments&post=1588"}],"version-history":[{"count":2,"href":"http:\/\/ecole-senonnes.fr\/index.php?rest_route=\/wp\/v2\/posts\/1588\/revisions"}],"predecessor-version":[{"id":1599,"href":"http:\/\/ecole-senonnes.fr\/index.php?rest_route=\/wp\/v2\/posts\/1588\/revisions\/1599"}],"wp:attachment":[{"href":"http:\/\/ecole-senonnes.fr\/index.php?rest_route=%2Fwp%2Fv2%2Fmedia&parent=1588"}],"wp:term":[{"taxonomy":"category","embeddable":true,"href":"http:\/\/ecole-senonnes.fr\/index.php?rest_route=%2Fwp%2Fv2%2Fcategories&post=1588"},{"taxonomy":"post_tag","embeddable":true,"href":"http:\/\/ecole-senonnes.fr\/index.php?rest_route=%2Fwp%2Fv2%2Ftags&post=1588"}],"curies":[{"name":"wp","href":"https:\/\/api.w.org\/{rel}","templated":true}]}}