{"id":1603,"date":"2023-01-06T16:46:55","date_gmt":"2023-01-06T15:46:55","guid":{"rendered":"http:\/\/ecole-senonnes.fr\/?p=1603"},"modified":"2023-01-06T17:27:43","modified_gmt":"2023-01-06T16:27:43","slug":"mobilite-durable","status":"publish","type":"post","link":"http:\/\/ecole-senonnes.fr\/?p=1603","title":{"rendered":"Mobilit\u00e9 Durable"},"content":{"rendered":"\n<p>Les \u00e9l\u00e8ves de la GS au CM2 ont particip\u00e9 \u00e0 des ateliers sur la mobilit\u00e9 durable, covoiturage, d\u00e9placement \u00e0 pieds, en v\u00e9lo..<\/p>\n<p>\u00a0<\/p>\n\n\n\n<figure class=\"wp-block-gallery has-nested-images columns-default is-cropped wp-block-gallery-1 is-layout-flex wp-block-gallery-is-layout-flex\">\n<figure class=\"wp-block-image size-large\"><img loading=\"lazy\" decoding=\"async\" width=\"1024\" height=\"768\" data-id=\"1606\" src=\"http:\/\/ecole-senonnes.fr\/wp-content\/uploads\/IMG_20221021_092606-1024x768.jpg\" alt=\"\" class=\"wp-image-1606\" srcset=\"http:\/\/ecole-senonnes.fr\/wp-content\/uploads\/IMG_20221021_092606-1024x768.jpg 1024w, http:\/\/ecole-senonnes.fr\/wp-content\/uploads\/IMG_20221021_092606-300x225.jpg 300w, http:\/\/ecole-senonnes.fr\/wp-content\/uploads\/IMG_20221021_092606-768x576.jpg 768w, http:\/\/ecole-senonnes.fr\/wp-content\/uploads\/IMG_20221021_092606-1536x1152.jpg 1536w, http:\/\/ecole-senonnes.fr\/wp-content\/uploads\/IMG_20221021_092606-2048x1536.jpg 2048w, http:\/\/ecole-senonnes.fr\/wp-content\/uploads\/IMG_20221021_092606-320x240.jpg 320w, http:\/\/ecole-senonnes.fr\/wp-content\/uploads\/IMG_20221021_092606-150x113.jpg 150w\" sizes=\"auto, (max-width: 1024px) 100vw, 1024px\" \/><\/figure>\n\n\n\n<figure class=\"wp-block-image size-large\"><img loading=\"lazy\" decoding=\"async\" width=\"1024\" height=\"768\" data-id=\"1604\" src=\"http:\/\/ecole-senonnes.fr\/wp-content\/uploads\/IMG_20221021_092622-1024x768.jpg\" alt=\"\" class=\"wp-image-1604\" srcset=\"http:\/\/ecole-senonnes.fr\/wp-content\/uploads\/IMG_20221021_092622-1024x768.jpg 1024w, http:\/\/ecole-senonnes.fr\/wp-content\/uploads\/IMG_20221021_092622-300x225.jpg 300w, http:\/\/ecole-senonnes.fr\/wp-content\/uploads\/IMG_20221021_092622-768x576.jpg 768w, http:\/\/ecole-senonnes.fr\/wp-content\/uploads\/IMG_20221021_092622-1536x1152.jpg 1536w, http:\/\/ecole-senonnes.fr\/wp-content\/uploads\/IMG_20221021_092622-2048x1536.jpg 2048w, http:\/\/ecole-senonnes.fr\/wp-content\/uploads\/IMG_20221021_092622-320x240.jpg 320w, http:\/\/ecole-senonnes.fr\/wp-content\/uploads\/IMG_20221021_092622-150x113.jpg 150w\" sizes=\"auto, (max-width: 1024px) 100vw, 1024px\" \/><\/figure>\n\n\n\n<figure class=\"wp-block-image size-large\"><img loading=\"lazy\" decoding=\"async\" width=\"768\" height=\"1024\" data-id=\"1607\" src=\"http:\/\/ecole-senonnes.fr\/wp-content\/uploads\/IMG_20221021_092640-768x1024.jpg\" alt=\"\" class=\"wp-image-1607\" srcset=\"http:\/\/ecole-senonnes.fr\/wp-content\/uploads\/IMG_20221021_092640-768x1024.jpg 768w, http:\/\/ecole-senonnes.fr\/wp-content\/uploads\/IMG_20221021_092640-225x300.jpg 225w, http:\/\/ecole-senonnes.fr\/wp-content\/uploads\/IMG_20221021_092640-1152x1536.jpg 1152w, http:\/\/ecole-senonnes.fr\/wp-content\/uploads\/IMG_20221021_092640-1536x2048.jpg 1536w, http:\/\/ecole-senonnes.fr\/wp-content\/uploads\/IMG_20221021_092640-113x150.jpg 113w, http:\/\/ecole-senonnes.fr\/wp-content\/uploads\/IMG_20221021_092640-scaled.jpg 1920w\" sizes=\"auto, (max-width: 768px) 100vw, 768px\" \/><\/figure>\n\n\n\n<figure class=\"wp-block-image size-large\"><img loading=\"lazy\" decoding=\"async\" width=\"768\" height=\"1024\" data-id=\"1608\" src=\"http:\/\/ecole-senonnes.fr\/wp-content\/uploads\/IMG_20221021_092703-768x1024.jpg\" alt=\"\" class=\"wp-image-1608\" srcset=\"http:\/\/ecole-senonnes.fr\/wp-content\/uploads\/IMG_20221021_092703-768x1024.jpg 768w, http:\/\/ecole-senonnes.fr\/wp-content\/uploads\/IMG_20221021_092703-225x300.jpg 225w, http:\/\/ecole-senonnes.fr\/wp-content\/uploads\/IMG_20221021_092703-1152x1536.jpg 1152w, http:\/\/ecole-senonnes.fr\/wp-content\/uploads\/IMG_20221021_092703-1536x2048.jpg 1536w, http:\/\/ecole-senonnes.fr\/wp-content\/uploads\/IMG_20221021_092703-113x150.jpg 113w, http:\/\/ecole-senonnes.fr\/wp-content\/uploads\/IMG_20221021_092703-scaled.jpg 1920w\" sizes=\"auto, (max-width: 768px) 100vw, 768px\" \/><\/figure>\n\n\n\n<figure class=\"wp-block-image size-large\"><img loading=\"lazy\" decoding=\"async\" width=\"768\" height=\"1024\" data-id=\"1605\" src=\"http:\/\/ecole-senonnes.fr\/wp-content\/uploads\/IMG_20221021_092721-768x1024.jpg\" alt=\"\" class=\"wp-image-1605\" srcset=\"http:\/\/ecole-senonnes.fr\/wp-content\/uploads\/IMG_20221021_092721-768x1024.jpg 768w, http:\/\/ecole-senonnes.fr\/wp-content\/uploads\/IMG_20221021_092721-225x300.jpg 225w, http:\/\/ecole-senonnes.fr\/wp-content\/uploads\/IMG_20221021_092721-1152x1536.jpg 1152w, http:\/\/ecole-senonnes.fr\/wp-content\/uploads\/IMG_20221021_092721-1536x2048.jpg 1536w, http:\/\/ecole-senonnes.fr\/wp-content\/uploads\/IMG_20221021_092721-113x150.jpg 113w, http:\/\/ecole-senonnes.fr\/wp-content\/uploads\/IMG_20221021_092721-scaled.jpg 1920w\" sizes=\"auto, (max-width: 768px) 100vw, 768px\" \/><\/figure>\n<\/figure>\n","protected":false},"excerpt":{"rendered":"<p>Les \u00e9l\u00e8ves de la GS au CM2 ont particip\u00e9 \u00e0 des ateliers sur la mobilit\u00e9 durable, covoiturage, d\u00e9placement \u00e0 pieds, en v\u00e9lo.. \u00a0<\/p>\n<p class=\"continue-reading-button\"> <a class=\"continue-reading-link\" href=\"http:\/\/ecole-senonnes.fr\/?p=1603\">Lire Plus&#8230;<i class=\"crycon-right-dir\"><\/i><\/a><\/p>\n","protected":false},"author":3,"featured_media":0,"comment_status":"open","ping_status":"open","sticky":false,"template":"","format":"standard","meta":{"footnotes":""},"categories":[40],"tags":[],"class_list":["post-1603","post","type-post","status-publish","format-standard","hentry","category-2022-2023"],"_links":{"self":[{"href":"http:\/\/ecole-senonnes.fr\/index.php?rest_route=\/wp\/v2\/posts\/1603","targetHints":{"allow":["GET"]}}],"collection":[{"href":"http:\/\/ecole-senonnes.fr\/index.php?rest_route=\/wp\/v2\/posts"}],"about":[{"href":"http:\/\/ecole-senonnes.fr\/index.php?rest_route=\/wp\/v2\/types\/post"}],"author":[{"embeddable":true,"href":"http:\/\/ecole-senonnes.fr\/index.php?rest_route=\/wp\/v2\/users\/3"}],"replies":[{"embeddable":true,"href":"http:\/\/ecole-senonnes.fr\/index.php?rest_route=%2Fwp%2Fv2%2Fcomments&post=1603"}],"version-history":[{"count":1,"href":"http:\/\/ecole-senonnes.fr\/index.php?rest_route=\/wp\/v2\/posts\/1603\/revisions"}],"predecessor-version":[{"id":1609,"href":"http:\/\/ecole-senonnes.fr\/index.php?rest_route=\/wp\/v2\/posts\/1603\/revisions\/1609"}],"wp:attachment":[{"href":"http:\/\/ecole-senonnes.fr\/index.php?rest_route=%2Fwp%2Fv2%2Fmedia&parent=1603"}],"wp:term":[{"taxonomy":"category","embeddable":true,"href":"http:\/\/ecole-senonnes.fr\/index.php?rest_route=%2Fwp%2Fv2%2Fcategories&post=1603"},{"taxonomy":"post_tag","embeddable":true,"href":"http:\/\/ecole-senonnes.fr\/index.php?rest_route=%2Fwp%2Fv2%2Ftags&post=1603"}],"curies":[{"name":"wp","href":"https:\/\/api.w.org\/{rel}","templated":true}]}}