{"id":89,"date":"2017-07-10T17:00:13","date_gmt":"2017-07-10T15:00:13","guid":{"rendered":"http:\/\/ecole-senonnes.fr\/?p=89"},"modified":"2017-11-08T11:15:09","modified_gmt":"2017-11-08T10:15:09","slug":"eric-veille-auteur-illustrateur-est-venu-a-lecole-en-septembre-2016","status":"publish","type":"post","link":"http:\/\/ecole-senonnes.fr\/?p=89","title":{"rendered":"Eric Veill\u00e9, auteur illustrateur, est venu \u00e0 l&#8217;\u00e9cole en septembre 2016"},"content":{"rendered":"<iframe src=\"\/\/docs.google.com\/viewer?url=http%3A%2F%2Fecole-senonnes.fr%2Fwp-content%2Fuploads%2FEric-Veill%C3%A9.pdf&hl=fr&embedded=true\" class=\"gde-frame\" style=\"width:100%; height:500px; border: none;\" scrolling=\"no\"><\/iframe>\n<p class=\"gde-text\"><a href=\"http:\/\/ecole-senonnes.fr\/wp-content\/uploads\/Eric-Veill\u00e9.pdf\" class=\"gde-link\">T\u00e9l\u00e9charger (PDF, 363KB)<\/a><\/p>\n","protected":false},"excerpt":{"rendered":"<p class=\"continue-reading-button\"> <a class=\"continue-reading-link\" href=\"http:\/\/ecole-senonnes.fr\/?p=89\">Lire Plus&#8230;<i class=\"crycon-right-dir\"><\/i><\/a><\/p>\n","protected":false},"author":3,"featured_media":0,"comment_status":"open","ping_status":"open","sticky":false,"template":"","format":"standard","meta":{"footnotes":""},"categories":[12,11],"tags":[],"class_list":["post-89","post","type-post","status-publish","format-standard","hentry","category-2016-2017","category-archives"],"_links":{"self":[{"href":"http:\/\/ecole-senonnes.fr\/index.php?rest_route=\/wp\/v2\/posts\/89","targetHints":{"allow":["GET"]}}],"collection":[{"href":"http:\/\/ecole-senonnes.fr\/index.php?rest_route=\/wp\/v2\/posts"}],"about":[{"href":"http:\/\/ecole-senonnes.fr\/index.php?rest_route=\/wp\/v2\/types\/post"}],"author":[{"embeddable":true,"href":"http:\/\/ecole-senonnes.fr\/index.php?rest_route=\/wp\/v2\/users\/3"}],"replies":[{"embeddable":true,"href":"http:\/\/ecole-senonnes.fr\/index.php?rest_route=%2Fwp%2Fv2%2Fcomments&post=89"}],"version-history":[{"count":3,"href":"http:\/\/ecole-senonnes.fr\/index.php?rest_route=\/wp\/v2\/posts\/89\/revisions"}],"predecessor-version":[{"id":94,"href":"http:\/\/ecole-senonnes.fr\/index.php?rest_route=\/wp\/v2\/posts\/89\/revisions\/94"}],"wp:attachment":[{"href":"http:\/\/ecole-senonnes.fr\/index.php?rest_route=%2Fwp%2Fv2%2Fmedia&parent=89"}],"wp:term":[{"taxonomy":"category","embeddable":true,"href":"http:\/\/ecole-senonnes.fr\/index.php?rest_route=%2Fwp%2Fv2%2Fcategories&post=89"},{"taxonomy":"post_tag","embeddable":true,"href":"http:\/\/ecole-senonnes.fr\/index.php?rest_route=%2Fwp%2Fv2%2Ftags&post=89"}],"curies":[{"name":"wp","href":"https:\/\/api.w.org\/{rel}","templated":true}]}}