{"id":956,"date":"2021-02-22T17:08:39","date_gmt":"2021-02-22T16:08:39","guid":{"rendered":"http:\/\/ecole-senonnes.fr\/?p=956"},"modified":"2021-02-22T17:08:40","modified_gmt":"2021-02-22T16:08:40","slug":"la-rentree-de-la-catechese-avec-le-pere-felix","status":"publish","type":"post","link":"http:\/\/ecole-senonnes.fr\/?p=956","title":{"rendered":"La rentr\u00e9e de la cat\u00e9ch\u00e8se avec le P\u00e8re F\u00e9lix."},"content":{"rendered":"\n<figure class=\"wp-block-image size-large\"><img loading=\"lazy\" decoding=\"async\" width=\"1024\" height=\"768\" src=\"http:\/\/ecole-senonnes.fr\/wp-content\/uploads\/IMG_20200928_154040_resized_20201001_014903198-1024x768.jpg\" alt=\"\" class=\"wp-image-957\" srcset=\"http:\/\/ecole-senonnes.fr\/wp-content\/uploads\/IMG_20200928_154040_resized_20201001_014903198-1024x768.jpg 1024w, http:\/\/ecole-senonnes.fr\/wp-content\/uploads\/IMG_20200928_154040_resized_20201001_014903198-300x225.jpg 300w, http:\/\/ecole-senonnes.fr\/wp-content\/uploads\/IMG_20200928_154040_resized_20201001_014903198-768x576.jpg 768w, http:\/\/ecole-senonnes.fr\/wp-content\/uploads\/IMG_20200928_154040_resized_20201001_014903198-320x240.jpg 320w, http:\/\/ecole-senonnes.fr\/wp-content\/uploads\/IMG_20200928_154040_resized_20201001_014903198-150x113.jpg 150w, http:\/\/ecole-senonnes.fr\/wp-content\/uploads\/IMG_20200928_154040_resized_20201001_014903198.jpg 1040w\" sizes=\"auto, (max-width: 1024px) 100vw, 1024px\" \/><\/figure>\n","protected":false},"excerpt":{"rendered":"<p class=\"continue-reading-button\"> <a class=\"continue-reading-link\" href=\"http:\/\/ecole-senonnes.fr\/?p=956\">Lire Plus&#8230;<i class=\"crycon-right-dir\"><\/i><\/a><\/p>\n","protected":false},"author":3,"featured_media":0,"comment_status":"open","ping_status":"open","sticky":false,"template":"","format":"standard","meta":{"footnotes":""},"categories":[20],"tags":[],"class_list":["post-956","post","type-post","status-publish","format-standard","hentry","category-2020-2021"],"_links":{"self":[{"href":"http:\/\/ecole-senonnes.fr\/index.php?rest_route=\/wp\/v2\/posts\/956","targetHints":{"allow":["GET"]}}],"collection":[{"href":"http:\/\/ecole-senonnes.fr\/index.php?rest_route=\/wp\/v2\/posts"}],"about":[{"href":"http:\/\/ecole-senonnes.fr\/index.php?rest_route=\/wp\/v2\/types\/post"}],"author":[{"embeddable":true,"href":"http:\/\/ecole-senonnes.fr\/index.php?rest_route=\/wp\/v2\/users\/3"}],"replies":[{"embeddable":true,"href":"http:\/\/ecole-senonnes.fr\/index.php?rest_route=%2Fwp%2Fv2%2Fcomments&post=956"}],"version-history":[{"count":1,"href":"http:\/\/ecole-senonnes.fr\/index.php?rest_route=\/wp\/v2\/posts\/956\/revisions"}],"predecessor-version":[{"id":958,"href":"http:\/\/ecole-senonnes.fr\/index.php?rest_route=\/wp\/v2\/posts\/956\/revisions\/958"}],"wp:attachment":[{"href":"http:\/\/ecole-senonnes.fr\/index.php?rest_route=%2Fwp%2Fv2%2Fmedia&parent=956"}],"wp:term":[{"taxonomy":"category","embeddable":true,"href":"http:\/\/ecole-senonnes.fr\/index.php?rest_route=%2Fwp%2Fv2%2Fcategories&post=956"},{"taxonomy":"post_tag","embeddable":true,"href":"http:\/\/ecole-senonnes.fr\/index.php?rest_route=%2Fwp%2Fv2%2Ftags&post=956"}],"curies":[{"name":"wp","href":"https:\/\/api.w.org\/{rel}","templated":true}]}}